{"id":352,"date":"2013-03-12T00:01:13","date_gmt":"2013-03-12T03:01:13","guid":{"rendered":"http:\/\/www.encontracamposgoytacazes.com.br\/noticias\/?p=352"},"modified":"2013-08-15T15:50:26","modified_gmt":"2013-08-15T18:50:26","slug":"alunos-de-escolas-municipais-de-campos-dos-goytacazes-continuam-sem-aulas","status":"publish","type":"post","link":"https:\/\/www.encontracamposgoytacazes.com.br\/noticias\/alunos-de-escolas-municipais-de-campos-dos-goytacazes-continuam-sem-aulas\/","title":{"rendered":"Alunos de escolas municipais de Campos dos Goytacazes continuam sem aulas"},"content":{"rendered":"<p>H\u00e1 pouco menos de um m\u00eas do in\u00edcio do ano letivo, turmas de duas escolas municipais de\u00a0Campos dos Goytacazes, no Norte Fluminense, permanecem sem aulas. O motivo, segundo a Secretaria de Educa\u00e7\u00e3o do munic\u00edpio, \u00e9 a falta de professores.<\/p>\n<p>Uma das escolas na cidade de Campos dos Goytacazes fica situada no bairro Ibitioca, zona rural da cidade. A equipe do Inter TV RJ 1\u00aa edi\u00e7\u00e3o tentou falar com a diretora sobre a falta de professores para alunos do terceiro ano, mas ela n\u00e3o quis atender.<\/p>\n<p>A unidade de ensino do bairro Tapera, que tamb\u00e9m sofre com a falta de professores, fica a 10 quil\u00f4metros do Centro. Com o objetivo de suprir a aus\u00eancia de profissionais, os concursados j\u00e1 foram convocados.<\/p>\n<p>Um outro problema \u00e9 a falta de professores tamb\u00e9m para alunos do quarto e quinto anos. A diretora da escola est\u00e1 tendo que ministrar as aulas. Outra solu\u00e7\u00e3o encontrada foi a integra\u00e7\u00e3o de turmas, que est\u00e3o estudando na mesma sala.<\/p>\n<p>Para alguns pais de alunos, a falta de professores acontece pelo fato da escola estar localizada na zona rural. &#8221; Muitos professores n\u00e3o querem dar aula aqui por ser longe da cidade&#8221;, disse Jos\u00e9 Feliciano Alves, 48, pai de um dos alunos.<\/p>\n<p><em>Fonte: G1<\/em><\/p>\n","protected":false},"excerpt":{"rendered":"<p>H\u00e1 pouco menos de um m\u00eas do in\u00edcio do ano letivo, turmas de duas escolas municipais de\u00a0Campos dos Goytacazes, no Norte Fluminense, permanecem sem aulas. O motivo, segundo a Secretaria de Educa\u00e7\u00e3o do munic\u00edpio, \u00e9 a falta de professores. Uma das escolas na cidade de Campos dos Goytacazes fica situada no bairro Ibitioca, zona rural [&hellip;]<\/p>\n","protected":false},"author":1,"featured_media":0,"comment_status":"open","ping_status":"open","sticky":false,"template":"","format":"standard","meta":{"footnotes":""},"categories":[6,7],"tags":[15],"class_list":["post-352","post","type-post","status-publish","format-standard","hentry","category-noticias","category-reclamacoes","tag-campos-dos-goytacazes"],"_links":{"self":[{"href":"https:\/\/www.encontracamposgoytacazes.com.br\/noticias\/wp-json\/wp\/v2\/posts\/352","targetHints":{"allow":["GET"]}}],"collection":[{"href":"https:\/\/www.encontracamposgoytacazes.com.br\/noticias\/wp-json\/wp\/v2\/posts"}],"about":[{"href":"https:\/\/www.encontracamposgoytacazes.com.br\/noticias\/wp-json\/wp\/v2\/types\/post"}],"author":[{"embeddable":true,"href":"https:\/\/www.encontracamposgoytacazes.com.br\/noticias\/wp-json\/wp\/v2\/users\/1"}],"replies":[{"embeddable":true,"href":"https:\/\/www.encontracamposgoytacazes.com.br\/noticias\/wp-json\/wp\/v2\/comments?post=352"}],"version-history":[{"count":2,"href":"https:\/\/www.encontracamposgoytacazes.com.br\/noticias\/wp-json\/wp\/v2\/posts\/352\/revisions"}],"predecessor-version":[{"id":533,"href":"https:\/\/www.encontracamposgoytacazes.com.br\/noticias\/wp-json\/wp\/v2\/posts\/352\/revisions\/533"}],"wp:attachment":[{"href":"https:\/\/www.encontracamposgoytacazes.com.br\/noticias\/wp-json\/wp\/v2\/media?parent=352"}],"wp:term":[{"taxonomy":"category","embeddable":true,"href":"https:\/\/www.encontracamposgoytacazes.com.br\/noticias\/wp-json\/wp\/v2\/categories?post=352"},{"taxonomy":"post_tag","embeddable":true,"href":"https:\/\/www.encontracamposgoytacazes.com.br\/noticias\/wp-json\/wp\/v2\/tags?post=352"}],"curies":[{"name":"wp","href":"https:\/\/api.w.org\/{rel}","templated":true}]}}