{"id":402,"date":"2013-04-23T00:01:18","date_gmt":"2013-04-23T03:01:18","guid":{"rendered":"http:\/\/www.encontracamposgoytacazes.com.br\/noticias\/?p=402"},"modified":"2013-08-15T15:50:30","modified_gmt":"2013-08-15T18:50:30","slug":"atleta-de-campos-dos-goytacazes-tem-chances-de-ir-as-olimpiadas","status":"publish","type":"post","link":"https:\/\/www.encontracamposgoytacazes.com.br\/noticias\/atleta-de-campos-dos-goytacazes-tem-chances-de-ir-as-olimpiadas\/","title":{"rendered":"Atleta de Campos dos Goytacazes tem chances de ir \u00e0s Olimp\u00edadas"},"content":{"rendered":"<p>A equipe de Taekwondo da Funda\u00e7\u00e3o Municipal de Esportes (FME) participou da 2\u00aa etapa do Campeonato Estadual de Taekwondo do Estado do RJ. A delega\u00e7\u00e3o de oito atletas voltou da capital com cinco medalhas de ouro, duas de prata e uma de bronze. O evento na cidade de Campos dos Goytacazes foi realizado na Vila Ol\u00edmpica da Mangueira no dia 14 deste m\u00eas.<\/p>\n<p>Mesmo n\u00e3o conquistando a medalha de ouro em sua categoria (at\u00e9 73 Kg), Luisa Barreto, de 22 anos, foi o destaque da equipe. Ela surpreendeu ao lutar de igual para igual com a atual campe\u00e3 brasileira, Ana Carolina Souza, que \u00e9 reserva na Sele\u00e7\u00e3o Brasileira, e Nat\u00e1lia Falavigna, medalhista de bronze na Ol\u00edmpiada de 2008 em Pequim.<\/p>\n<p>Segundo o mestre Jos\u00e9 Carlos Batista, que chefiou a equipe, a luta teve uma arbitragem pol\u00eamica. \u201cA Luisa acertou um chute na cabe\u00e7a da advers\u00e1ria, mas os pontos n\u00e3o foram computados, o que daria a vit\u00f3ria \u00e0 nossa atleta. V\u00ea-la lutar de igual para igual com a atual campe\u00e3 brasileira (Ana Carolina Souza), me deixa esperan\u00e7oso de que ela tenha condi\u00e7\u00f5es de disputar as\u00a0Olimp\u00edadas\u00a0no guia Rio de Janeiro, at\u00e9 porque a Nat\u00e1lia Falavigna, que \u00e9 a titular da Sele\u00e7\u00e3o, vai estar com mais de 30 anos em 2016 e ela j\u00e1 disputou tr\u00eas olimp\u00edadas\u201d, diz.<\/p>\n<p>&#8211; S\u00e3o tr\u00eas etapas estaduais e cada uma vale sete pontos. Mas como a Luisa perdeu esta etapa e j\u00e1 n\u00e3o tinha participado da outra, vamos trabalhar para garantir que ela participe da seletiva fechada via Copa do Brasil \u2013 pontua Batista.<\/p>\n<p>Ele lembra que Luisa estava sem competir h\u00e1 oito anos e voltou a treinar h\u00e1 duas semanas. \u201cVoltei a treinar na FME com o mestre Jos\u00e9 Carlos, que me incentivou, e acabei me surpreendendo. Treinei duas semanas e consegui acertar um chute com giro, que \u00e9 um golpe muito dif\u00edcil de ser aplicado. Perdi por 2 pontos (6 a 4), mas se este chute fosse computado teria mais tr\u00eas ou quatro pontos e ganharia a luta\u201d, conta a atleta.<\/p>\n<p>&#8211; Foi a primeira vez que usei o colete eletr\u00f4nico, que vai ser usado nas\u00a0Olimp\u00edadas\u00a0 Estou um pouco acima do peso. Minha categoria \u00e9 abaixo de 67 quilos. Poderia at\u00e9 ter engordado mais para pegar outras atletas. Acabei pegando a Ana Carolina, que \u00e9 a atual campe\u00e3 brasileira. Mas fui bem. Agora \u00e9 aproveitar a oportunidade e voltar a treinar firme com o foco principal nas\u00a0Olimp\u00edadas\u00a0\u2013 diz Luisa. A equipe teve como t\u00e9cnicos Junio Espinosa e Lu\u00eds Ant\u00f4nio Nogueira.<\/p>\n<p><em>Fonte: Campos 24 Horas<\/em><\/p>\n","protected":false},"excerpt":{"rendered":"<p>A equipe de Taekwondo da Funda\u00e7\u00e3o Municipal de Esportes (FME) participou da 2\u00aa etapa do Campeonato Estadual de Taekwondo do Estado do RJ. A delega\u00e7\u00e3o de oito atletas voltou da capital com cinco medalhas de ouro, duas de prata e uma de bronze. O evento na cidade de Campos dos Goytacazes foi realizado na Vila [&hellip;]<\/p>\n","protected":false},"author":1,"featured_media":0,"comment_status":"open","ping_status":"open","sticky":false,"template":"","format":"standard","meta":{"footnotes":""},"categories":[6,8],"tags":[15],"class_list":["post-402","post","type-post","status-publish","format-standard","hentry","category-noticias","category-servicos","tag-campos-dos-goytacazes"],"_links":{"self":[{"href":"https:\/\/www.encontracamposgoytacazes.com.br\/noticias\/wp-json\/wp\/v2\/posts\/402","targetHints":{"allow":["GET"]}}],"collection":[{"href":"https:\/\/www.encontracamposgoytacazes.com.br\/noticias\/wp-json\/wp\/v2\/posts"}],"about":[{"href":"https:\/\/www.encontracamposgoytacazes.com.br\/noticias\/wp-json\/wp\/v2\/types\/post"}],"author":[{"embeddable":true,"href":"https:\/\/www.encontracamposgoytacazes.com.br\/noticias\/wp-json\/wp\/v2\/users\/1"}],"replies":[{"embeddable":true,"href":"https:\/\/www.encontracamposgoytacazes.com.br\/noticias\/wp-json\/wp\/v2\/comments?post=402"}],"version-history":[{"count":3,"href":"https:\/\/www.encontracamposgoytacazes.com.br\/noticias\/wp-json\/wp\/v2\/posts\/402\/revisions"}],"predecessor-version":[{"id":572,"href":"https:\/\/www.encontracamposgoytacazes.com.br\/noticias\/wp-json\/wp\/v2\/posts\/402\/revisions\/572"}],"wp:attachment":[{"href":"https:\/\/www.encontracamposgoytacazes.com.br\/noticias\/wp-json\/wp\/v2\/media?parent=402"}],"wp:term":[{"taxonomy":"category","embeddable":true,"href":"https:\/\/www.encontracamposgoytacazes.com.br\/noticias\/wp-json\/wp\/v2\/categories?post=402"},{"taxonomy":"post_tag","embeddable":true,"href":"https:\/\/www.encontracamposgoytacazes.com.br\/noticias\/wp-json\/wp\/v2\/tags?post=402"}],"curies":[{"name":"wp","href":"https:\/\/api.w.org\/{rel}","templated":true}]}}