{"id":641,"date":"2014-01-21T11:03:53","date_gmt":"2014-01-21T13:03:53","guid":{"rendered":"http:\/\/www.encontracamposgoytacazes.com.br\/noticias\/?p=641"},"modified":"2014-01-21T11:03:53","modified_gmt":"2014-01-21T13:03:53","slug":"luau-da-educacao-acontece-nesta-quarta-em-campos-dos-goytacazes","status":"publish","type":"post","link":"https:\/\/www.encontracamposgoytacazes.com.br\/noticias\/luau-da-educacao-acontece-nesta-quarta-em-campos-dos-goytacazes\/","title":{"rendered":"Luau da Educa\u00e7\u00e3o acontece nesta quarta em Campos dos Goytacazes"},"content":{"rendered":"<p>A abertura do projeto Luau da Educa\u00e7\u00e3o, da Secretaria de Educa\u00e7\u00e3o Cultura e Esportes, vai ser realizada em grande estilo, com o cantor de MPB Matheus Nicolau, nesta quarta-feira (22), \u00e0s 20h, no Farol de S\u00e3o Tom\u00e9, pr\u00f3ximo \u00e0 Tenda Cultural.\u00a0 Com o repert\u00f3rio recheado de surpresas para todas as fam\u00edlias, Matheus vai cantar composi\u00e7\u00f5es pr\u00f3prias e sucessos da M\u00fasica Popular Brasileira (MPB).<\/p>\n<p>Can\u00e7\u00f5es de seu \u00faltimo CD \u201cTodas as flores t\u00eam espinhos?\u201d, como as m\u00fasicas de composi\u00e7\u00e3o pr\u00f3pria \u201cQuando os deuses forem dormir\u201d, \u201cSaudade\u201d e \u201cProvando a eternidade\u201d, ser\u00e3o cantadas para o p\u00fablico. Matheus estar\u00e1 acompanhado do violonista Ralfe Nunes e do percussionista Carlos Dias.<\/p>\n<p>&#8211; O p\u00fablico do Farol de S\u00e3o Tom\u00e9 \u00e9 mais voltado para a fam\u00edlia e nossas m\u00fasicas s\u00e3o feitas para este segmento. A expectativa do show \u00e9 realmente muito boa \u2013 disse o m\u00fasico.<\/p>\n","protected":false},"excerpt":{"rendered":"<p>A abertura do projeto Luau da Educa\u00e7\u00e3o, da Secretaria de Educa\u00e7\u00e3o Cultura e Esportes, vai ser realizada em grande estilo, com o cantor de MPB Matheus Nicolau, nesta quarta-feira (22), \u00e0s 20h, no Farol de S\u00e3o Tom\u00e9, pr\u00f3ximo \u00e0 Tenda Cultural.\u00a0 Com o repert\u00f3rio recheado de surpresas para todas as fam\u00edlias, Matheus vai cantar composi\u00e7\u00f5es [&hellip;]<\/p>\n","protected":false},"author":1,"featured_media":0,"comment_status":"open","ping_status":"open","sticky":false,"template":"","format":"standard","meta":{"footnotes":""},"categories":[6],"tags":[],"class_list":["post-641","post","type-post","status-publish","format-standard","hentry","category-noticias"],"_links":{"self":[{"href":"https:\/\/www.encontracamposgoytacazes.com.br\/noticias\/wp-json\/wp\/v2\/posts\/641","targetHints":{"allow":["GET"]}}],"collection":[{"href":"https:\/\/www.encontracamposgoytacazes.com.br\/noticias\/wp-json\/wp\/v2\/posts"}],"about":[{"href":"https:\/\/www.encontracamposgoytacazes.com.br\/noticias\/wp-json\/wp\/v2\/types\/post"}],"author":[{"embeddable":true,"href":"https:\/\/www.encontracamposgoytacazes.com.br\/noticias\/wp-json\/wp\/v2\/users\/1"}],"replies":[{"embeddable":true,"href":"https:\/\/www.encontracamposgoytacazes.com.br\/noticias\/wp-json\/wp\/v2\/comments?post=641"}],"version-history":[{"count":0,"href":"https:\/\/www.encontracamposgoytacazes.com.br\/noticias\/wp-json\/wp\/v2\/posts\/641\/revisions"}],"wp:attachment":[{"href":"https:\/\/www.encontracamposgoytacazes.com.br\/noticias\/wp-json\/wp\/v2\/media?parent=641"}],"wp:term":[{"taxonomy":"category","embeddable":true,"href":"https:\/\/www.encontracamposgoytacazes.com.br\/noticias\/wp-json\/wp\/v2\/categories?post=641"},{"taxonomy":"post_tag","embeddable":true,"href":"https:\/\/www.encontracamposgoytacazes.com.br\/noticias\/wp-json\/wp\/v2\/tags?post=641"}],"curies":[{"name":"wp","href":"https:\/\/api.w.org\/{rel}","templated":true}]}}