{"id":645,"date":"2014-02-05T13:07:35","date_gmt":"2014-02-05T15:07:35","guid":{"rendered":"http:\/\/www.encontracamposgoytacazes.com.br\/noticias\/?p=645"},"modified":"2014-02-05T13:07:35","modified_gmt":"2014-02-05T15:07:35","slug":"pronatec-inscricoes-abertas-em-campos-de-goytacazes-ate-o-dia-1202","status":"publish","type":"post","link":"https:\/\/www.encontracamposgoytacazes.com.br\/noticias\/pronatec-inscricoes-abertas-em-campos-de-goytacazes-ate-o-dia-1202\/","title":{"rendered":"Pronatec: inscri\u00e7\u00f5es abertas em Campos de Goytacazes at\u00e9 o dia 12\/02"},"content":{"rendered":"<p>A Secretaria Municipal da Fam\u00edlia e Assist\u00eancia Social est\u00e1 com inscri\u00e7\u00f5es abertas para diversos cursos gratuitos pelo Programa Nacional de Acesso ao Ensino T\u00e9cnico e Emprego (Pronatec). Os interessados podem se inscrever at\u00e9 o pr\u00f3ximo dia 12, de segunda \u00e0 sexta-feira, de 9h \u00e0s 12h e de 13h30 \u00e0s 16h, no setor do Pronatec, na sede da secretaria (Travessa Santo Elias, 46 \u2013 Jardim Carioca) e na Casa Arte, na Avenida Atl\u00e2ntica, em Farol de S\u00e3o Tom\u00e9.<\/p>\n<p>Os Centros de Refer\u00eancia da Assist\u00eancia Social (Cras) de Travess\u00e3o, Codin, Urura\u00ed, Goitacazes e Penha j\u00e1 realizaram a inscri\u00e7\u00e3o de usu\u00e1rios para os cursos. A secretaria ainda disponibilizou um dia de inscri\u00e7\u00e3o, em fevereiro, para outros Cras: Chatuba (nesta ter\u00e7a-feira, dia 4); Custod\u00f3polis (quarta, 5); Parque Esplanada (quinta, 6); Matadouro (sexta, 7); Morro do Coco (segunda, 10); e Parque Guarus (ter\u00e7a, dia 11).<\/p>\n<p>A diretora de Programas e Projetos, Irecy Damasceno, lembra que, para se inscrever, o interessado deve ter mais de 16 anos de idade, possuir CPF e renda familiar igual ou inferior a meio sal\u00e1rio m\u00ednimo por pessoa (ou renda familiar mensal de at\u00e9 tr\u00eas sal\u00e1rios m\u00ednimos). Ter\u00e3o prioridade os benefici\u00e1rios de programas sociais como Bolsa Fam\u00edlia, BPC e Cheque Cidad\u00e3o, cadastrados ou em processo de cadastramento no CAD\u00daNICO e pessoas com defici\u00eancia.<\/p>\n","protected":false},"excerpt":{"rendered":"<p>A Secretaria Municipal da Fam\u00edlia e Assist\u00eancia Social est\u00e1 com inscri\u00e7\u00f5es abertas para diversos cursos gratuitos pelo Programa Nacional de Acesso ao Ensino T\u00e9cnico e Emprego (Pronatec). Os interessados podem se inscrever at\u00e9 o pr\u00f3ximo dia 12, de segunda \u00e0 sexta-feira, de 9h \u00e0s 12h e de 13h30 \u00e0s 16h, no setor do Pronatec, na [&hellip;]<\/p>\n","protected":false},"author":1,"featured_media":0,"comment_status":"open","ping_status":"open","sticky":false,"template":"","format":"standard","meta":{"footnotes":""},"categories":[6],"tags":[],"class_list":["post-645","post","type-post","status-publish","format-standard","hentry","category-noticias"],"_links":{"self":[{"href":"https:\/\/www.encontracamposgoytacazes.com.br\/noticias\/wp-json\/wp\/v2\/posts\/645","targetHints":{"allow":["GET"]}}],"collection":[{"href":"https:\/\/www.encontracamposgoytacazes.com.br\/noticias\/wp-json\/wp\/v2\/posts"}],"about":[{"href":"https:\/\/www.encontracamposgoytacazes.com.br\/noticias\/wp-json\/wp\/v2\/types\/post"}],"author":[{"embeddable":true,"href":"https:\/\/www.encontracamposgoytacazes.com.br\/noticias\/wp-json\/wp\/v2\/users\/1"}],"replies":[{"embeddable":true,"href":"https:\/\/www.encontracamposgoytacazes.com.br\/noticias\/wp-json\/wp\/v2\/comments?post=645"}],"version-history":[{"count":1,"href":"https:\/\/www.encontracamposgoytacazes.com.br\/noticias\/wp-json\/wp\/v2\/posts\/645\/revisions"}],"predecessor-version":[{"id":646,"href":"https:\/\/www.encontracamposgoytacazes.com.br\/noticias\/wp-json\/wp\/v2\/posts\/645\/revisions\/646"}],"wp:attachment":[{"href":"https:\/\/www.encontracamposgoytacazes.com.br\/noticias\/wp-json\/wp\/v2\/media?parent=645"}],"wp:term":[{"taxonomy":"category","embeddable":true,"href":"https:\/\/www.encontracamposgoytacazes.com.br\/noticias\/wp-json\/wp\/v2\/categories?post=645"},{"taxonomy":"post_tag","embeddable":true,"href":"https:\/\/www.encontracamposgoytacazes.com.br\/noticias\/wp-json\/wp\/v2\/tags?post=645"}],"curies":[{"name":"wp","href":"https:\/\/api.w.org\/{rel}","templated":true}]}}